{"id":1502,"date":"2020-05-23T15:24:11","date_gmt":"2020-05-23T15:24:11","guid":{"rendered":"https:\/\/brokendiva.com\/2020\/05\/23\/diga-si-a-la-moda-lenta\/"},"modified":"2020-05-23T15:24:16","modified_gmt":"2020-05-23T15:24:16","slug":"diga-si-a-la-moda-lenta","status":"publish","type":"post","link":"https:\/\/brokendiva.com\/es\/2020\/05\/23\/diga-si-a-la-moda-lenta\/","title":{"rendered":"\u00a1Diga S\u00cd a la Moda Lenta!"},"content":{"rendered":"<section  class='av_textblock_section av-k9hcrenj-1235db3d8d5fe32c97329eb464874e79 '   itemscope=\"itemscope\" itemtype=\"https:\/\/schema.org\/BlogPosting\" itemprop=\"blogPost\" ><div class='avia_textblock'  itemprop=\"text\" ><h2>\u00a1Dile s\u00ed a la Moda Lenta!<\/h2>\n<\/div><\/section>\n\n<style type=\"text\/css\" data-created_by=\"avia_inline_auto\" id=\"style-css-av-48xusb-d1078f8f66de79cf381fdd4cb4b9e90c\">\n.flex_column.av-48xusb-d1078f8f66de79cf381fdd4cb4b9e90c{\nborder-radius:0px 0px 0px 0px;\npadding:0px 0px 0px 0px;\n}\n<\/style>\n<div  class='flex_column av-48xusb-d1078f8f66de79cf381fdd4cb4b9e90c av_one_full  avia-builder-el-1  el_after_av_textblock  el_before_av_one_full  first flex_column_div av-zero-column-padding  column-top-margin'     ><section  class='av_textblock_section av-k9hciowo-96db4e99b6237e084a83ce5f94b83860 '   itemscope=\"itemscope\" itemtype=\"https:\/\/schema.org\/BlogPosting\" itemprop=\"blogPost\" ><div class='avia_textblock'  itemprop=\"text\" ><p>El concepto de moda lenta promueve la transparencia de los procesos de producci\u00f3n, introduciendo la trazabilidad de las prendas de vestir, de modo que el consumidor sepa qui\u00e9n, d\u00f3nde y en qu\u00e9 condiciones se han producido las prendas que lleva puestas. El t\u00e9rmino \u00abSlow Fashion\u00bb fue acu\u00f1ado en 2007 por Kate Fletcher, profesora de sostenibilidad, dise\u00f1o y moda del Centro de Moda Sostenible de Londres. La Moda Lenta es la ant\u00edtesis de lo que se conoce como \u00abModa R\u00e1pida\u00bb. Slow Fashion apoya una filosof\u00eda de consumo responsable de ropa, que trata de concienciar sobre el impacto de la ropa en el medio ambiente, el agotamiento de los recursos y el impacto de la industria textil en la sociedad. Los materiales promovidos por Slow Fashion son productos nobles que no contaminan el medio ambiente y son biodegradables. Lo contrario de los productos utilizados en la moda r\u00e1pida. <strong>MODA R\u00c1PIDA<\/strong> <strong>&amp;gt; Producci\u00f3n y consumo<\/strong> excesivos Hubo un tiempo en que <span class=\"il\"><\/span>las marcas de moda modelaban sus calendarios seg\u00fan el ritmo natural de las estaciones, lanzando dos colecciones al a\u00f1o, una de oto\u00f1o-invierno y otra de primavera-verano. Hoy en d\u00eda, la mayor\u00eda de las marcas lanzan nuevos productos cada dos semanas. Las boutiques est\u00e1n abiertas 7 d\u00edas a la semana en Londres y d\u00eda y noche en Dubai. Una fren\u00e9tica carrera contra el tiempo que empuja a producir m\u00e1s y m\u00e1s, cada vez m\u00e1s r\u00e1pido, pero tambi\u00e9n a consumir de forma casi compulsiva, atra\u00eddo por ropa cuyo precio es a veces inferior al de un s\u00e1ndwich! <strong>&amp;gt; Un sistema<\/strong> retr\u00f3grado Este costo ultra bajo obviamente conduce a condiciones de producci\u00f3n y trabajo que son devastadoras tanto para los derechos humanos como para el medio ambiente. Los desaf\u00edos, como la reducci\u00f3n de los tiempos y los costos de producci\u00f3n para lograr precios de venta cada vez m\u00e1s bajos, conducen autom\u00e1ticamente a una especie de esclavitud en la que el ser humano ya no se tiene en cuenta sino que se asimila a una m\u00e1quina y s\u00f3lo cuenta la rentabilidad. Lo mismo se aplica al medio ambiente, ya que todos los esfuerzos por producir utilizando menos recursos naturales son anulados por la sobreproducci\u00f3n en masa sin ning\u00fan respeto por el medio ambiente o los animales. <strong>&amp;gt; Moda desechable <span class=\"il\"><\/span><\/strong>El producto en s\u00ed ya no se considera, ya que la cantidad se antepone autom\u00e1ticamente a la calidad. Por lo tanto, a menudo nos encontramos con camisas que se amontonan, camisetas que se desti\u00f1en, vaqueros cuya cremallera se rompe sin que hayamos ganado 3 kg, y cuando uno de estos art\u00edculos que hab\u00edamos adoptado inmediatamente se rinde y nos gustar\u00eda volver a comprarlo, \u00a1ya no est\u00e1 disponible! Compramos sin envidia, para llenar un vac\u00edo y nuestros armarios est\u00e1n al borde de la implosi\u00f3n! Obviamente no usamos un tercio de la ropa que contienen e incluso olvidamos la existencia de algunas de ellas. <strong>&amp;gt; Un estilo<\/strong> uniforme Inmersos en una sociedad de moda donde reina el dictado de las tendencias, muchos consumidores compran para seguir <span class=\"il\">la<\/span>moda, convirti\u00e9ndose al mismo tiempo en los t\u00edteres de una sociedad capitalista y clon\u00e1ndose unos a otros sin afirmar realmente su propia identidad. En resumen, un sistema que agota a todo el mundo y corre el riesgo de provocar un agotamiento general. As\u00ed que aqu\u00ed es donde entra la \u00ab<span class=\"il\"><\/span> <span class=\"il\">Moda Lenta<\/span>\u00ab, anim\u00e1ndonos a \u00ab<span class=\"il\">frenar<\/span>\u00ab, es decir<span class=\"il\">, a<\/span> disminuir el ritmo para tomar el lado opuesto de lo que se ha convertido en normalidad y proponer alternativas m\u00e1s respetuosas a todos los niveles. Nos invita a repensar todo un sistema de valores y funcionamiento para reconstruir otra visi\u00f3n de <span class=\"il\">la moda<\/span>.\u00a0<span class=\"il\"><\/span> <span class=\"il\">La \u00abModa Lenta<\/span>\u00bb invierte la relaci\u00f3n de poder entre las marcas y los consumidores. <strong>MODA LENTA<\/strong> <strong>&amp;gt; Producci\u00f3n y consumo<\/strong> en peque\u00f1a escala Existe el deseo de volver a lo b\u00e1sico y por lo tanto a la producci\u00f3n en peque\u00f1a\/media escala y al consumo reflexivo y controlado. Estamos re-apreciando nuestra forma de consumir para fomentar las compras relevantes y la moda sostenible<span class=\"il\"><\/span>. Hoy en d\u00eda, a la gente le gusta tomarse su tiempo antes de comprar y considera que esto aumenta su placer. Asociamos el lujo y el tiempo con la creaci\u00f3n de un producto. La gente est\u00e1 esperando ansiosamente su producto. Creemos que los peque\u00f1os dise\u00f1adores locales y las ediciones limitadas pueden sobresalir de la multitud. Consumimos menos pero mejor. <strong>&amp;gt; Una relaci\u00f3n basada en la confianza<\/strong> El objetivo es construir una relaci\u00f3n de confianza entre la marca y el consumidor con total transparencia y trazabilidad del producto. El consumidor se tranquiliza con numerosas etiquetas como Bios, Vegan, Made in Europe, etc. que garantizan una cierta \u00e9tica en las condiciones de trabajo y de producci\u00f3n, as\u00ed como en la calidad del producto. Buscan educarse y comprender de d\u00f3nde viene su producto, las etapas de producci\u00f3n y tomar conciencia de los materiales de los que est\u00e1 hecho. Muchas marcas ofrecen ropa hecha exclusivamente con materiales org\u00e1nicos, como algod\u00f3n org\u00e1nico, fibras de bamb\u00fa, Tencel y utilizan procesos de te\u00f1ido y tratamiento de prendas no t\u00f3xicos. <strong>&amp;gt; <span class=\"il\">Moda<\/span><\/strong> sostenible y comprometida Comprar es comprometerse de cierta manera. Los consumidores recuperan su sentido cr\u00edtico y toman conciencia de que su comportamiento puede tener un impacto sociol\u00f3gico y econ\u00f3mico. \u00abSomos lo que llevamos puesto\u00bb. Se involucran, y les gusta ser parte de una comunidad. Un muy fuerte sentido de pertenencia, de compartir y de solidaridad que puede haber en nuestra sociedad. <strong>&amp;gt; Un medio de expresi\u00f3n<\/strong> <span class=\"il\">La \u00abSlow<\/span> <span class=\"il\">Fashion<\/span>\u00bb se opone a la uniformidad, el consumidor recupera la conciencia de su cuerpo, afirma su personalidad a trav\u00e9s de la ropa y busca sobre todo piezas bien cortadas que la realcen porque, \u00a1\u00bb<span class=\"il\">La<\/span> moda pasa de <span class=\"il\">moda<\/span>, el estilo nunca\u00bb. Algunas marcas rechazan la presi\u00f3n de la \u00abFast <span class=\"il\">Fashion<\/span>\u00ab, se toman el tiempo de buscar inspiraci\u00f3n, de crear ropa de calidad y se centran en piezas atemporales que perdurar\u00e1n en el tiempo y que no se olvidar\u00e1n en la siguiente temporada. La calidad es m\u00e1s importante que la cantidad, el estilo es m\u00e1s importante que las tendencias. <strong>&amp;gt; Un regreso a la artesan\u00eda tradicional<\/strong> Los consumidores buscan ahora ropa que tenga valor, una historia real. Abogamos por la transmisi\u00f3n de los conocimientos y t\u00e9cnicas tradicionales. Abogamos por el regreso a un trabajo meticuloso, un deseo de restaurar el estilo de <span class=\"il\">la<\/span> moda. Buscamos consumir localmente y destacar la creatividad y la fuerza de nuestros dise\u00f1adores. Nos educamos para un consumo inteligente y nos damos cuenta de que una prenda de calidad que dura tiene un costo. Tambi\u00e9n garantiza una fabricaci\u00f3n de calidad con empleados mejor pagados y considerados, por lo tanto m\u00e1s involucrados y motivados, y la realizaci\u00f3n. <strong>COMPROMISOS<\/strong> <strong>&amp;gt; Colecciones intemporales Made in Europe<\/strong> &#8211; Modelos elegantes disponibles durante todo el a\u00f1o, puntuados por nuevas piezas de forma regular. &#8211; Producci\u00f3n a peque\u00f1a escala, incluso series muy limitadas para algunas impresiones. <strong>&amp;gt; Transparencia<\/strong> &#8211; Tejidos de calidad, incluyendo algunos algodones y linos org\u00e1nicos &#8211; Una voluntad de comprometerse cada vez m\u00e1s de esta manera para una moda \u00e9tica y responsable <span class=\"il\"><\/span>. <strong>&amp;gt; Una marca que aboga por la calidad<\/strong> &#8211; Atenci\u00f3n al detalle y cuidado especial en cada paso. <strong>&amp;gt; Ropa que se parece a ti<\/strong> &#8211; La posibilidad de crear diferentes looks alrededor de una colecci\u00f3n minimalista \u00abc\u00e1psula\u00bb y comprar menos, pero mejor. &#8211; La posibilidad de crear juntos piezas personalizadas para hacerte destacar.<\/p>\n<div class=\"yj6qo\"><\/div>\n<div class=\"adL\"><\/div>\n<\/div><\/section><\/div>\n<style type=\"text\/css\" data-created_by=\"avia_inline_auto\" id=\"style-css-av-1zd96z-5393df14a4a619a7a7d8f0124fa9bd25\">\n.flex_column.av-1zd96z-5393df14a4a619a7a7d8f0124fa9bd25{\nborder-radius:0px 0px 0px 0px;\npadding:0px 0px 0px 0px;\n}\n<\/style>\n<div  class='flex_column av-1zd96z-5393df14a4a619a7a7d8f0124fa9bd25 av_one_full  avia-builder-el-3  el_after_av_one_full  avia-builder-el-last  first flex_column_div av-zero-column-padding  column-top-margin'     ><style type=\"text\/css\" data-created_by=\"avia_inline_auto\" id=\"style-css-av-k9hcqlm3-a81b5503f37b4fb86d226d44a5a4602c\">\n.avia-image-container.av-k9hcqlm3-a81b5503f37b4fb86d226d44a5a4602c img.avia_image{\nbox-shadow:none;\n}\n.avia-image-container.av-k9hcqlm3-a81b5503f37b4fb86d226d44a5a4602c .av-image-caption-overlay-center{\ncolor:#ffffff;\n}\n<\/style>\n<div  class='avia-image-container av-k9hcqlm3-a81b5503f37b4fb86d226d44a5a4602c av-styling- avia-align-center  avia-builder-el-4  avia-builder-el-no-sibling '   itemprop=\"image\" itemscope=\"itemscope\" itemtype=\"https:\/\/schema.org\/ImageObject\" ><div class=\"avia-image-container-inner\"><div class=\"avia-image-overlay-wrap\"><img decoding=\"async\" fetchpriority=\"high\" class='wp-image-1504 avia-img-lazy-loading-not-1504 avia_image ' src=\"https:\/\/brokendiva.com\/wp-content\/uploads\/2020\/04\/time-square-845x321.jpg\" alt='' title='tiempo-cuadrado'  height=\"321\" width=\"845\"  itemprop=\"thumbnailUrl\"  \/><\/div><\/div><\/div><\/div><\/p>\n","protected":false},"excerpt":{"rendered":"","protected":false},"author":1,"featured_media":0,"comment_status":"open","ping_status":"open","sticky":false,"template":"","format":"standard","meta":{"footnotes":""},"categories":[65,63],"tags":[],"class_list":["post-1502","post","type-post","status-publish","format-standard","hentry","category-moda-ecologica","category-noticias"],"yoast_head":"<!-- This site is optimized with the Yoast SEO plugin v27.2 - https:\/\/yoast.com\/product\/yoast-seo-wordpress\/ -->\n<title>\u00a1Diga S\u00cd a la Moda Lenta! - Broken Diva<\/title>\n<meta name=\"robots\" content=\"index, follow, max-snippet:-1, max-image-preview:large, max-video-preview:-1\" \/>\n<link rel=\"canonical\" href=\"https:\/\/brokendiva.com\/es\/2020\/05\/23\/diga-si-a-la-moda-lenta\/\" \/>\n<meta property=\"og:locale\" content=\"es_ES\" \/>\n<meta property=\"og:type\" content=\"article\" \/>\n<meta property=\"og:title\" content=\"\u00a1Diga S\u00cd a la Moda Lenta! - Broken Diva\" \/>\n<meta property=\"og:url\" content=\"https:\/\/brokendiva.com\/es\/2020\/05\/23\/diga-si-a-la-moda-lenta\/\" \/>\n<meta property=\"og:site_name\" content=\"Broken Diva\" \/>\n<meta property=\"article:published_time\" content=\"2020-05-23T15:24:11+00:00\" \/>\n<meta property=\"article:modified_time\" content=\"2020-05-23T15:24:16+00:00\" \/>\n<meta name=\"author\" content=\"Bd\" \/>\n<meta name=\"twitter:card\" content=\"summary_large_image\" \/>\n<meta name=\"twitter:label1\" content=\"Escrito por\" \/>\n\t<meta name=\"twitter:data1\" content=\"Bd\" \/>\n\t<meta name=\"twitter:label2\" content=\"Tiempo de lectura\" \/>\n\t<meta name=\"twitter:data2\" content=\"9 minutos\" \/>\n<script type=\"application\/ld+json\" class=\"yoast-schema-graph\">{\"@context\":\"https:\/\/schema.org\",\"@graph\":[{\"@type\":\"Article\",\"@id\":\"https:\/\/brokendiva.com\/es\/2020\/05\/23\/diga-si-a-la-moda-lenta\/#article\",\"isPartOf\":{\"@id\":\"https:\/\/brokendiva.com\/es\/2020\/05\/23\/diga-si-a-la-moda-lenta\/\"},\"author\":{\"name\":\"Bd\",\"@id\":\"https:\/\/brokendiva.com\/es\/#\/schema\/person\/365f3e4a4b6bc55bd05f4d9cca28ce31\"},\"headline\":\"\u00a1Diga S\u00cd a la Moda Lenta!\",\"datePublished\":\"2020-05-23T15:24:11+00:00\",\"dateModified\":\"2020-05-23T15:24:16+00:00\",\"mainEntityOfPage\":{\"@id\":\"https:\/\/brokendiva.com\/es\/2020\/05\/23\/diga-si-a-la-moda-lenta\/\"},\"wordCount\":1612,\"commentCount\":0,\"articleSection\":[\"Moda ecol\u00f3gica\",\"Noticias\"],\"inLanguage\":\"es\"},{\"@type\":\"WebPage\",\"@id\":\"https:\/\/brokendiva.com\/es\/2020\/05\/23\/diga-si-a-la-moda-lenta\/\",\"url\":\"https:\/\/brokendiva.com\/es\/2020\/05\/23\/diga-si-a-la-moda-lenta\/\",\"name\":\"\u00a1Diga S\u00cd a la Moda Lenta! - Broken Diva\",\"isPartOf\":{\"@id\":\"https:\/\/brokendiva.com\/es\/#website\"},\"datePublished\":\"2020-05-23T15:24:11+00:00\",\"dateModified\":\"2020-05-23T15:24:16+00:00\",\"author\":{\"@id\":\"https:\/\/brokendiva.com\/es\/#\/schema\/person\/365f3e4a4b6bc55bd05f4d9cca28ce31\"},\"breadcrumb\":{\"@id\":\"https:\/\/brokendiva.com\/es\/2020\/05\/23\/diga-si-a-la-moda-lenta\/#breadcrumb\"},\"inLanguage\":\"es\",\"potentialAction\":[{\"@type\":\"ReadAction\",\"target\":[\"https:\/\/brokendiva.com\/es\/2020\/05\/23\/diga-si-a-la-moda-lenta\/\"]}]},{\"@type\":\"BreadcrumbList\",\"@id\":\"https:\/\/brokendiva.com\/es\/2020\/05\/23\/diga-si-a-la-moda-lenta\/#breadcrumb\",\"itemListElement\":[{\"@type\":\"ListItem\",\"position\":1,\"name\":\"Home\",\"item\":\"https:\/\/brokendiva.com\/es\/home\/\"},{\"@type\":\"ListItem\",\"position\":2,\"name\":\"\u00a1Diga S\u00cd a la Moda Lenta!\"}]},{\"@type\":\"WebSite\",\"@id\":\"https:\/\/brokendiva.com\/es\/#website\",\"url\":\"https:\/\/brokendiva.com\/es\/\",\"name\":\"Broken Diva\",\"description\":\"Just another WordPress site\",\"potentialAction\":[{\"@type\":\"SearchAction\",\"target\":{\"@type\":\"EntryPoint\",\"urlTemplate\":\"https:\/\/brokendiva.com\/es\/?s={search_term_string}\"},\"query-input\":{\"@type\":\"PropertyValueSpecification\",\"valueRequired\":true,\"valueName\":\"search_term_string\"}}],\"inLanguage\":\"es\"},{\"@type\":\"Person\",\"@id\":\"https:\/\/brokendiva.com\/es\/#\/schema\/person\/365f3e4a4b6bc55bd05f4d9cca28ce31\",\"name\":\"Bd\",\"image\":{\"@type\":\"ImageObject\",\"inLanguage\":\"es\",\"@id\":\"https:\/\/secure.gravatar.com\/avatar\/b83fbc37069b7a24d3fb86a396a98cd5de57b255f3acfbae6b7f9897849d448c?s=96&d=mm&r=g\",\"url\":\"https:\/\/secure.gravatar.com\/avatar\/b83fbc37069b7a24d3fb86a396a98cd5de57b255f3acfbae6b7f9897849d448c?s=96&d=mm&r=g\",\"contentUrl\":\"https:\/\/secure.gravatar.com\/avatar\/b83fbc37069b7a24d3fb86a396a98cd5de57b255f3acfbae6b7f9897849d448c?s=96&d=mm&r=g\",\"caption\":\"Bd\"},\"url\":\"https:\/\/brokendiva.com\/es\/author\/11thfloor\/\"}]}<\/script>\n<!-- \/ Yoast SEO plugin. -->","yoast_head_json":{"title":"\u00a1Diga S\u00cd a la Moda Lenta! - Broken Diva","robots":{"index":"index","follow":"follow","max-snippet":"max-snippet:-1","max-image-preview":"max-image-preview:large","max-video-preview":"max-video-preview:-1"},"canonical":"https:\/\/brokendiva.com\/es\/2020\/05\/23\/diga-si-a-la-moda-lenta\/","og_locale":"es_ES","og_type":"article","og_title":"\u00a1Diga S\u00cd a la Moda Lenta! - Broken Diva","og_url":"https:\/\/brokendiva.com\/es\/2020\/05\/23\/diga-si-a-la-moda-lenta\/","og_site_name":"Broken Diva","article_published_time":"2020-05-23T15:24:11+00:00","article_modified_time":"2020-05-23T15:24:16+00:00","author":"Bd","twitter_card":"summary_large_image","twitter_misc":{"Escrito por":"Bd","Tiempo de lectura":"9 minutos"},"schema":{"@context":"https:\/\/schema.org","@graph":[{"@type":"Article","@id":"https:\/\/brokendiva.com\/es\/2020\/05\/23\/diga-si-a-la-moda-lenta\/#article","isPartOf":{"@id":"https:\/\/brokendiva.com\/es\/2020\/05\/23\/diga-si-a-la-moda-lenta\/"},"author":{"name":"Bd","@id":"https:\/\/brokendiva.com\/es\/#\/schema\/person\/365f3e4a4b6bc55bd05f4d9cca28ce31"},"headline":"\u00a1Diga S\u00cd a la Moda Lenta!","datePublished":"2020-05-23T15:24:11+00:00","dateModified":"2020-05-23T15:24:16+00:00","mainEntityOfPage":{"@id":"https:\/\/brokendiva.com\/es\/2020\/05\/23\/diga-si-a-la-moda-lenta\/"},"wordCount":1612,"commentCount":0,"articleSection":["Moda ecol\u00f3gica","Noticias"],"inLanguage":"es"},{"@type":"WebPage","@id":"https:\/\/brokendiva.com\/es\/2020\/05\/23\/diga-si-a-la-moda-lenta\/","url":"https:\/\/brokendiva.com\/es\/2020\/05\/23\/diga-si-a-la-moda-lenta\/","name":"\u00a1Diga S\u00cd a la Moda Lenta! - Broken Diva","isPartOf":{"@id":"https:\/\/brokendiva.com\/es\/#website"},"datePublished":"2020-05-23T15:24:11+00:00","dateModified":"2020-05-23T15:24:16+00:00","author":{"@id":"https:\/\/brokendiva.com\/es\/#\/schema\/person\/365f3e4a4b6bc55bd05f4d9cca28ce31"},"breadcrumb":{"@id":"https:\/\/brokendiva.com\/es\/2020\/05\/23\/diga-si-a-la-moda-lenta\/#breadcrumb"},"inLanguage":"es","potentialAction":[{"@type":"ReadAction","target":["https:\/\/brokendiva.com\/es\/2020\/05\/23\/diga-si-a-la-moda-lenta\/"]}]},{"@type":"BreadcrumbList","@id":"https:\/\/brokendiva.com\/es\/2020\/05\/23\/diga-si-a-la-moda-lenta\/#breadcrumb","itemListElement":[{"@type":"ListItem","position":1,"name":"Home","item":"https:\/\/brokendiva.com\/es\/home\/"},{"@type":"ListItem","position":2,"name":"\u00a1Diga S\u00cd a la Moda Lenta!"}]},{"@type":"WebSite","@id":"https:\/\/brokendiva.com\/es\/#website","url":"https:\/\/brokendiva.com\/es\/","name":"Broken Diva","description":"Just another WordPress site","potentialAction":[{"@type":"SearchAction","target":{"@type":"EntryPoint","urlTemplate":"https:\/\/brokendiva.com\/es\/?s={search_term_string}"},"query-input":{"@type":"PropertyValueSpecification","valueRequired":true,"valueName":"search_term_string"}}],"inLanguage":"es"},{"@type":"Person","@id":"https:\/\/brokendiva.com\/es\/#\/schema\/person\/365f3e4a4b6bc55bd05f4d9cca28ce31","name":"Bd","image":{"@type":"ImageObject","inLanguage":"es","@id":"https:\/\/secure.gravatar.com\/avatar\/b83fbc37069b7a24d3fb86a396a98cd5de57b255f3acfbae6b7f9897849d448c?s=96&d=mm&r=g","url":"https:\/\/secure.gravatar.com\/avatar\/b83fbc37069b7a24d3fb86a396a98cd5de57b255f3acfbae6b7f9897849d448c?s=96&d=mm&r=g","contentUrl":"https:\/\/secure.gravatar.com\/avatar\/b83fbc37069b7a24d3fb86a396a98cd5de57b255f3acfbae6b7f9897849d448c?s=96&d=mm&r=g","caption":"Bd"},"url":"https:\/\/brokendiva.com\/es\/author\/11thfloor\/"}]}},"_links":{"self":[{"href":"https:\/\/brokendiva.com\/es\/wp-json\/wp\/v2\/posts\/1502","targetHints":{"allow":["GET"]}}],"collection":[{"href":"https:\/\/brokendiva.com\/es\/wp-json\/wp\/v2\/posts"}],"about":[{"href":"https:\/\/brokendiva.com\/es\/wp-json\/wp\/v2\/types\/post"}],"author":[{"embeddable":true,"href":"https:\/\/brokendiva.com\/es\/wp-json\/wp\/v2\/users\/1"}],"replies":[{"embeddable":true,"href":"https:\/\/brokendiva.com\/es\/wp-json\/wp\/v2\/comments?post=1502"}],"version-history":[{"count":1,"href":"https:\/\/brokendiva.com\/es\/wp-json\/wp\/v2\/posts\/1502\/revisions"}],"predecessor-version":[{"id":1503,"href":"https:\/\/brokendiva.com\/es\/wp-json\/wp\/v2\/posts\/1502\/revisions\/1503"}],"wp:attachment":[{"href":"https:\/\/brokendiva.com\/es\/wp-json\/wp\/v2\/media?parent=1502"}],"wp:term":[{"taxonomy":"category","embeddable":true,"href":"https:\/\/brokendiva.com\/es\/wp-json\/wp\/v2\/categories?post=1502"},{"taxonomy":"post_tag","embeddable":true,"href":"https:\/\/brokendiva.com\/es\/wp-json\/wp\/v2\/tags?post=1502"}],"curies":[{"name":"wp","href":"https:\/\/api.w.org\/{rel}","templated":true}]}}