{"id":3789,"date":"2024-05-01T09:01:35","date_gmt":"2024-05-01T09:01:35","guid":{"rendered":"https:\/\/brokendiva.com\/2024\/05\/01\/unveiling-the-xotik-collection\/"},"modified":"2024-05-01T09:08:06","modified_gmt":"2024-05-01T09:08:06","slug":"introduciendo-la-coleccion-capsula-xotik","status":"publish","type":"post","link":"https:\/\/brokendiva.com\/es\/2024\/05\/01\/introduciendo-la-coleccion-capsula-xotik\/","title":{"rendered":"Introduciendo la Colecci\u00f3n C\u00e1psula Xotik:  arte + naturaleza por Adri\u00e1n Carrillo y Gala."},"content":{"rendered":"<p><img loading=\"lazy\" decoding=\"async\" class=\"alignnone size-full wp-image-3787\" src=\"https:\/\/brokendiva.com\/wp-content\/uploads\/2024\/05\/capsule-collection.jpg\" alt=\"\" width=\"1400\" height=\"450\" srcset=\"https:\/\/brokendiva.com\/wp-content\/uploads\/2024\/05\/capsule-collection.jpg 1400w, https:\/\/brokendiva.com\/wp-content\/uploads\/2024\/05\/capsule-collection-300x96.jpg 300w, https:\/\/brokendiva.com\/wp-content\/uploads\/2024\/05\/capsule-collection-1030x331.jpg 1030w, https:\/\/brokendiva.com\/wp-content\/uploads\/2024\/05\/capsule-collection-768x247.jpg 768w, https:\/\/brokendiva.com\/wp-content\/uploads\/2024\/05\/capsule-collection-705x227.jpg 705w, https:\/\/brokendiva.com\/wp-content\/uploads\/2024\/05\/capsule-collection-600x193.jpg 600w\" sizes=\"auto, (max-width: 1400px) 100vw, 1400px\" \/>En las vibrantes y art\u00edsticas calles de la Ciudad de Panam\u00e1 y en el n\u00facleo cultural de Barcelona, se ha gestado una colaboraci\u00f3n \u00fanica que ha dado vida a la \u00abColecci\u00f3n Xotik\u00bb, una colecci\u00f3n c\u00e1psula inspirada en los exuberantes paisajes latinoamericanos. Esta iniciativa creativa es fruto del talento del d\u00fao de dise\u00f1adores Adri\u00e1n Carrillo y Gala, quienes han logrado entrelazar magistralmente la esencia de la naturaleza en cada prenda.<!--more--><br \/>\nLa colecci\u00f3n Xotik se inspira en la colorida flora de Panam\u00e1, un pa\u00eds celebrado por su impresionante biodiversidad y ex\u00f3ticas flores tropicales. La colecci\u00f3n busca capturar los intensos colores, las formas complejas y las texturas ricas que caracterizan la belleza natural de la regi\u00f3n. Cada detalle de dise\u00f1o ha sido meticulosamente elegido para reflejar las formas naturales y los vibrantes colores del tr\u00f3pico.<\/p>\n<p>La creaci\u00f3n de la colecci\u00f3n Xotik narra la historia de dos ciudades y dos visionarios. Gala, la mente maestra detr\u00e1s del concepto, configura los temas y la est\u00e9tica general de la colecci\u00f3n. Por su parte, Adri\u00e1n plasma estas ideas en papel, dibujando con destreza los dise\u00f1os iniciales. Este proceso colaborativo no solo enriquece su trayectoria creativa, sino que asegura una fusi\u00f3n armoniosa de ideas y expresi\u00f3n art\u00edstica.<\/p>\n<p>Enfoc\u00e1ndose en la sostenibilidad y en resaltar la fr\u00e1gil belleza de la naturaleza, la colecci\u00f3n Xotik se destaca por incluir prendas hechas de algod\u00f3n org\u00e1nico. Esta decisi\u00f3n refuerza el compromiso de la marca con el cuidado ambiental y refleja la inspiraci\u00f3n natural que impulsa la colecci\u00f3n.<\/p>\n<p>Elevando a\u00fan m\u00e1s el evento de lanzamiento, la sesi\u00f3n fotogr\u00e1fica para la Colecci\u00f3n Xotik se llev\u00f3 a cabo en Par\u00eds, ciudad que es sin\u00f3nimo de elegancia perdurable y belleza cl\u00e1sica. Este escenario no solo subraya el atractivo atemporal de los motivos bot\u00e1nicos de la colecci\u00f3n, sino que tambi\u00e9n acompa\u00f1a el mensaje de reverdecimiento urbano. Con el pron\u00f3stico de futuras olas de calor que podr\u00edan alcanzar los 50\u00b0C, la colecci\u00f3n promueve sutilmente un entorno urbano m\u00e1s verde y florido para mitigar el calor de la ciudad. \u00a1Transformemos Par\u00eds con un despliegue de flores tropicales!<\/p>\n<p>La Colecci\u00f3n Xotik de Adri\u00e1n Carrillo y Gala es m\u00e1s que una serie de prendas; es una celebraci\u00f3n de la belleza natural, un tributo a la moda sostenible y un puente entre los ricos ecosistemas de Am\u00e9rica Latina y el encanto cl\u00e1sico de las ciudades europeas. A trav\u00e9s de esta colecci\u00f3n, los dise\u00f1adores aspiran a fomentar una conexi\u00f3n m\u00e1s profunda entre los consumidores y el mundo natural, impulsando un movimiento hacia estilos de vida y decisiones de moda m\u00e1s sostenibles.<\/p>\n<div class=\"yj6qo ajU\"><\/div>\n","protected":false},"excerpt":{"rendered":"<p>En las vibrantes y art\u00edsticas calles de la Ciudad de Panam\u00e1 y en el n\u00facleo cultural de Barcelona, se ha gestado una colaboraci\u00f3n \u00fanica que ha dado vida a la \u00abColecci\u00f3n Xotik\u00bb, una colecci\u00f3n c\u00e1psula inspirada en los exuberantes paisajes latinoamericanos. Esta iniciativa creativa es fruto del talento del d\u00fao de dise\u00f1adores Adri\u00e1n Carrillo y [&hellip;]<\/p>\n","protected":false},"author":1,"featured_media":0,"comment_status":"closed","ping_status":"closed","sticky":false,"template":"","format":"standard","meta":{"footnotes":""},"categories":[65],"tags":[],"class_list":["post-3789","post","type-post","status-publish","format-standard","hentry","category-moda-ecologica"],"yoast_head":"<!-- This site is optimized with the Yoast SEO plugin v27.2 - https:\/\/yoast.com\/product\/yoast-seo-wordpress\/ -->\n<title>Introduciendo la Colecci\u00f3n C\u00e1psula Xotik: arte + naturaleza por Adri\u00e1n Carrillo y Gala. - Broken Diva<\/title>\n<meta name=\"robots\" content=\"index, follow, max-snippet:-1, max-image-preview:large, max-video-preview:-1\" \/>\n<link rel=\"canonical\" href=\"https:\/\/brokendiva.com\/es\/2024\/05\/01\/introduciendo-la-coleccion-capsula-xotik\/\" \/>\n<meta property=\"og:locale\" content=\"es_ES\" \/>\n<meta property=\"og:type\" content=\"article\" \/>\n<meta property=\"og:title\" content=\"Introduciendo la Colecci\u00f3n C\u00e1psula Xotik: arte + naturaleza por Adri\u00e1n Carrillo y Gala. - Broken Diva\" \/>\n<meta property=\"og:description\" content=\"En las vibrantes y art\u00edsticas calles de la Ciudad de Panam\u00e1 y en el n\u00facleo cultural de Barcelona, se ha gestado una colaboraci\u00f3n \u00fanica que ha dado vida a la \u00abColecci\u00f3n Xotik\u00bb, una colecci\u00f3n c\u00e1psula inspirada en los exuberantes paisajes latinoamericanos. Esta iniciativa creativa es fruto del talento del d\u00fao de dise\u00f1adores Adri\u00e1n Carrillo y [&hellip;]\" \/>\n<meta property=\"og:url\" content=\"https:\/\/brokendiva.com\/es\/2024\/05\/01\/introduciendo-la-coleccion-capsula-xotik\/\" \/>\n<meta property=\"og:site_name\" content=\"Broken Diva\" \/>\n<meta property=\"article:published_time\" content=\"2024-05-01T09:01:35+00:00\" \/>\n<meta property=\"article:modified_time\" content=\"2024-05-01T09:08:06+00:00\" \/>\n<meta property=\"og:image\" content=\"https:\/\/brokendiva.com\/wp-content\/uploads\/2024\/05\/capsule-collection.jpg\" \/>\n<meta name=\"author\" content=\"Bd\" \/>\n<meta name=\"twitter:card\" content=\"summary_large_image\" \/>\n<meta name=\"twitter:label1\" content=\"Escrito por\" \/>\n\t<meta name=\"twitter:data1\" content=\"Bd\" \/>\n\t<meta name=\"twitter:label2\" content=\"Tiempo de lectura\" \/>\n\t<meta name=\"twitter:data2\" content=\"2 minutos\" \/>\n<script type=\"application\/ld+json\" class=\"yoast-schema-graph\">{\"@context\":\"https:\/\/schema.org\",\"@graph\":[{\"@type\":\"Article\",\"@id\":\"https:\/\/brokendiva.com\/es\/2024\/05\/01\/introduciendo-la-coleccion-capsula-xotik\/#article\",\"isPartOf\":{\"@id\":\"https:\/\/brokendiva.com\/es\/2024\/05\/01\/introduciendo-la-coleccion-capsula-xotik\/\"},\"author\":{\"name\":\"Bd\",\"@id\":\"https:\/\/brokendiva.com\/es\/#\/schema\/person\/365f3e4a4b6bc55bd05f4d9cca28ce31\"},\"headline\":\"Introduciendo la Colecci\u00f3n C\u00e1psula Xotik: arte + naturaleza por Adri\u00e1n Carrillo y Gala.\",\"datePublished\":\"2024-05-01T09:01:35+00:00\",\"dateModified\":\"2024-05-01T09:08:06+00:00\",\"mainEntityOfPage\":{\"@id\":\"https:\/\/brokendiva.com\/es\/2024\/05\/01\/introduciendo-la-coleccion-capsula-xotik\/\"},\"wordCount\":496,\"image\":{\"@id\":\"https:\/\/brokendiva.com\/es\/2024\/05\/01\/introduciendo-la-coleccion-capsula-xotik\/#primaryimage\"},\"thumbnailUrl\":\"https:\/\/brokendiva.com\/wp-content\/uploads\/2024\/05\/capsule-collection.jpg\",\"articleSection\":[\"Moda ecol\u00f3gica\"],\"inLanguage\":\"es\"},{\"@type\":\"WebPage\",\"@id\":\"https:\/\/brokendiva.com\/es\/2024\/05\/01\/introduciendo-la-coleccion-capsula-xotik\/\",\"url\":\"https:\/\/brokendiva.com\/es\/2024\/05\/01\/introduciendo-la-coleccion-capsula-xotik\/\",\"name\":\"Introduciendo la Colecci\u00f3n C\u00e1psula Xotik: arte + naturaleza por Adri\u00e1n Carrillo y Gala. - Broken Diva\",\"isPartOf\":{\"@id\":\"https:\/\/brokendiva.com\/es\/#website\"},\"primaryImageOfPage\":{\"@id\":\"https:\/\/brokendiva.com\/es\/2024\/05\/01\/introduciendo-la-coleccion-capsula-xotik\/#primaryimage\"},\"image\":{\"@id\":\"https:\/\/brokendiva.com\/es\/2024\/05\/01\/introduciendo-la-coleccion-capsula-xotik\/#primaryimage\"},\"thumbnailUrl\":\"https:\/\/brokendiva.com\/wp-content\/uploads\/2024\/05\/capsule-collection.jpg\",\"datePublished\":\"2024-05-01T09:01:35+00:00\",\"dateModified\":\"2024-05-01T09:08:06+00:00\",\"author\":{\"@id\":\"https:\/\/brokendiva.com\/es\/#\/schema\/person\/365f3e4a4b6bc55bd05f4d9cca28ce31\"},\"breadcrumb\":{\"@id\":\"https:\/\/brokendiva.com\/es\/2024\/05\/01\/introduciendo-la-coleccion-capsula-xotik\/#breadcrumb\"},\"inLanguage\":\"es\",\"potentialAction\":[{\"@type\":\"ReadAction\",\"target\":[\"https:\/\/brokendiva.com\/es\/2024\/05\/01\/introduciendo-la-coleccion-capsula-xotik\/\"]}]},{\"@type\":\"ImageObject\",\"inLanguage\":\"es\",\"@id\":\"https:\/\/brokendiva.com\/es\/2024\/05\/01\/introduciendo-la-coleccion-capsula-xotik\/#primaryimage\",\"url\":\"https:\/\/brokendiva.com\/wp-content\/uploads\/2024\/05\/capsule-collection.jpg\",\"contentUrl\":\"https:\/\/brokendiva.com\/wp-content\/uploads\/2024\/05\/capsule-collection.jpg\"},{\"@type\":\"BreadcrumbList\",\"@id\":\"https:\/\/brokendiva.com\/es\/2024\/05\/01\/introduciendo-la-coleccion-capsula-xotik\/#breadcrumb\",\"itemListElement\":[{\"@type\":\"ListItem\",\"position\":1,\"name\":\"Home\",\"item\":\"https:\/\/brokendiva.com\/es\/home\/\"},{\"@type\":\"ListItem\",\"position\":2,\"name\":\"Introduciendo la Colecci\u00f3n C\u00e1psula Xotik: arte + naturaleza por Adri\u00e1n Carrillo y Gala.\"}]},{\"@type\":\"WebSite\",\"@id\":\"https:\/\/brokendiva.com\/es\/#website\",\"url\":\"https:\/\/brokendiva.com\/es\/\",\"name\":\"Broken Diva\",\"description\":\"Just another WordPress site\",\"potentialAction\":[{\"@type\":\"SearchAction\",\"target\":{\"@type\":\"EntryPoint\",\"urlTemplate\":\"https:\/\/brokendiva.com\/es\/?s={search_term_string}\"},\"query-input\":{\"@type\":\"PropertyValueSpecification\",\"valueRequired\":true,\"valueName\":\"search_term_string\"}}],\"inLanguage\":\"es\"},{\"@type\":\"Person\",\"@id\":\"https:\/\/brokendiva.com\/es\/#\/schema\/person\/365f3e4a4b6bc55bd05f4d9cca28ce31\",\"name\":\"Bd\",\"image\":{\"@type\":\"ImageObject\",\"inLanguage\":\"es\",\"@id\":\"https:\/\/secure.gravatar.com\/avatar\/b83fbc37069b7a24d3fb86a396a98cd5de57b255f3acfbae6b7f9897849d448c?s=96&d=mm&r=g\",\"url\":\"https:\/\/secure.gravatar.com\/avatar\/b83fbc37069b7a24d3fb86a396a98cd5de57b255f3acfbae6b7f9897849d448c?s=96&d=mm&r=g\",\"contentUrl\":\"https:\/\/secure.gravatar.com\/avatar\/b83fbc37069b7a24d3fb86a396a98cd5de57b255f3acfbae6b7f9897849d448c?s=96&d=mm&r=g\",\"caption\":\"Bd\"},\"url\":\"https:\/\/brokendiva.com\/es\/author\/11thfloor\/\"}]}<\/script>\n<!-- \/ Yoast SEO plugin. -->","yoast_head_json":{"title":"Introduciendo la Colecci\u00f3n C\u00e1psula Xotik: arte + naturaleza por Adri\u00e1n Carrillo y Gala. - Broken Diva","robots":{"index":"index","follow":"follow","max-snippet":"max-snippet:-1","max-image-preview":"max-image-preview:large","max-video-preview":"max-video-preview:-1"},"canonical":"https:\/\/brokendiva.com\/es\/2024\/05\/01\/introduciendo-la-coleccion-capsula-xotik\/","og_locale":"es_ES","og_type":"article","og_title":"Introduciendo la Colecci\u00f3n C\u00e1psula Xotik: arte + naturaleza por Adri\u00e1n Carrillo y Gala. - Broken Diva","og_description":"En las vibrantes y art\u00edsticas calles de la Ciudad de Panam\u00e1 y en el n\u00facleo cultural de Barcelona, se ha gestado una colaboraci\u00f3n \u00fanica que ha dado vida a la \u00abColecci\u00f3n Xotik\u00bb, una colecci\u00f3n c\u00e1psula inspirada en los exuberantes paisajes latinoamericanos. Esta iniciativa creativa es fruto del talento del d\u00fao de dise\u00f1adores Adri\u00e1n Carrillo y [&hellip;]","og_url":"https:\/\/brokendiva.com\/es\/2024\/05\/01\/introduciendo-la-coleccion-capsula-xotik\/","og_site_name":"Broken Diva","article_published_time":"2024-05-01T09:01:35+00:00","article_modified_time":"2024-05-01T09:08:06+00:00","og_image":[{"url":"https:\/\/brokendiva.com\/wp-content\/uploads\/2024\/05\/capsule-collection.jpg","type":"","width":"","height":""}],"author":"Bd","twitter_card":"summary_large_image","twitter_misc":{"Escrito por":"Bd","Tiempo de lectura":"2 minutos"},"schema":{"@context":"https:\/\/schema.org","@graph":[{"@type":"Article","@id":"https:\/\/brokendiva.com\/es\/2024\/05\/01\/introduciendo-la-coleccion-capsula-xotik\/#article","isPartOf":{"@id":"https:\/\/brokendiva.com\/es\/2024\/05\/01\/introduciendo-la-coleccion-capsula-xotik\/"},"author":{"name":"Bd","@id":"https:\/\/brokendiva.com\/es\/#\/schema\/person\/365f3e4a4b6bc55bd05f4d9cca28ce31"},"headline":"Introduciendo la Colecci\u00f3n C\u00e1psula Xotik: arte + naturaleza por Adri\u00e1n Carrillo y Gala.","datePublished":"2024-05-01T09:01:35+00:00","dateModified":"2024-05-01T09:08:06+00:00","mainEntityOfPage":{"@id":"https:\/\/brokendiva.com\/es\/2024\/05\/01\/introduciendo-la-coleccion-capsula-xotik\/"},"wordCount":496,"image":{"@id":"https:\/\/brokendiva.com\/es\/2024\/05\/01\/introduciendo-la-coleccion-capsula-xotik\/#primaryimage"},"thumbnailUrl":"https:\/\/brokendiva.com\/wp-content\/uploads\/2024\/05\/capsule-collection.jpg","articleSection":["Moda ecol\u00f3gica"],"inLanguage":"es"},{"@type":"WebPage","@id":"https:\/\/brokendiva.com\/es\/2024\/05\/01\/introduciendo-la-coleccion-capsula-xotik\/","url":"https:\/\/brokendiva.com\/es\/2024\/05\/01\/introduciendo-la-coleccion-capsula-xotik\/","name":"Introduciendo la Colecci\u00f3n C\u00e1psula Xotik: arte + naturaleza por Adri\u00e1n Carrillo y Gala. - Broken Diva","isPartOf":{"@id":"https:\/\/brokendiva.com\/es\/#website"},"primaryImageOfPage":{"@id":"https:\/\/brokendiva.com\/es\/2024\/05\/01\/introduciendo-la-coleccion-capsula-xotik\/#primaryimage"},"image":{"@id":"https:\/\/brokendiva.com\/es\/2024\/05\/01\/introduciendo-la-coleccion-capsula-xotik\/#primaryimage"},"thumbnailUrl":"https:\/\/brokendiva.com\/wp-content\/uploads\/2024\/05\/capsule-collection.jpg","datePublished":"2024-05-01T09:01:35+00:00","dateModified":"2024-05-01T09:08:06+00:00","author":{"@id":"https:\/\/brokendiva.com\/es\/#\/schema\/person\/365f3e4a4b6bc55bd05f4d9cca28ce31"},"breadcrumb":{"@id":"https:\/\/brokendiva.com\/es\/2024\/05\/01\/introduciendo-la-coleccion-capsula-xotik\/#breadcrumb"},"inLanguage":"es","potentialAction":[{"@type":"ReadAction","target":["https:\/\/brokendiva.com\/es\/2024\/05\/01\/introduciendo-la-coleccion-capsula-xotik\/"]}]},{"@type":"ImageObject","inLanguage":"es","@id":"https:\/\/brokendiva.com\/es\/2024\/05\/01\/introduciendo-la-coleccion-capsula-xotik\/#primaryimage","url":"https:\/\/brokendiva.com\/wp-content\/uploads\/2024\/05\/capsule-collection.jpg","contentUrl":"https:\/\/brokendiva.com\/wp-content\/uploads\/2024\/05\/capsule-collection.jpg"},{"@type":"BreadcrumbList","@id":"https:\/\/brokendiva.com\/es\/2024\/05\/01\/introduciendo-la-coleccion-capsula-xotik\/#breadcrumb","itemListElement":[{"@type":"ListItem","position":1,"name":"Home","item":"https:\/\/brokendiva.com\/es\/home\/"},{"@type":"ListItem","position":2,"name":"Introduciendo la Colecci\u00f3n C\u00e1psula Xotik: arte + naturaleza por Adri\u00e1n Carrillo y Gala."}]},{"@type":"WebSite","@id":"https:\/\/brokendiva.com\/es\/#website","url":"https:\/\/brokendiva.com\/es\/","name":"Broken Diva","description":"Just another WordPress site","potentialAction":[{"@type":"SearchAction","target":{"@type":"EntryPoint","urlTemplate":"https:\/\/brokendiva.com\/es\/?s={search_term_string}"},"query-input":{"@type":"PropertyValueSpecification","valueRequired":true,"valueName":"search_term_string"}}],"inLanguage":"es"},{"@type":"Person","@id":"https:\/\/brokendiva.com\/es\/#\/schema\/person\/365f3e4a4b6bc55bd05f4d9cca28ce31","name":"Bd","image":{"@type":"ImageObject","inLanguage":"es","@id":"https:\/\/secure.gravatar.com\/avatar\/b83fbc37069b7a24d3fb86a396a98cd5de57b255f3acfbae6b7f9897849d448c?s=96&d=mm&r=g","url":"https:\/\/secure.gravatar.com\/avatar\/b83fbc37069b7a24d3fb86a396a98cd5de57b255f3acfbae6b7f9897849d448c?s=96&d=mm&r=g","contentUrl":"https:\/\/secure.gravatar.com\/avatar\/b83fbc37069b7a24d3fb86a396a98cd5de57b255f3acfbae6b7f9897849d448c?s=96&d=mm&r=g","caption":"Bd"},"url":"https:\/\/brokendiva.com\/es\/author\/11thfloor\/"}]}},"_links":{"self":[{"href":"https:\/\/brokendiva.com\/es\/wp-json\/wp\/v2\/posts\/3789","targetHints":{"allow":["GET"]}}],"collection":[{"href":"https:\/\/brokendiva.com\/es\/wp-json\/wp\/v2\/posts"}],"about":[{"href":"https:\/\/brokendiva.com\/es\/wp-json\/wp\/v2\/types\/post"}],"author":[{"embeddable":true,"href":"https:\/\/brokendiva.com\/es\/wp-json\/wp\/v2\/users\/1"}],"replies":[{"embeddable":true,"href":"https:\/\/brokendiva.com\/es\/wp-json\/wp\/v2\/comments?post=3789"}],"version-history":[{"count":2,"href":"https:\/\/brokendiva.com\/es\/wp-json\/wp\/v2\/posts\/3789\/revisions"}],"predecessor-version":[{"id":3822,"href":"https:\/\/brokendiva.com\/es\/wp-json\/wp\/v2\/posts\/3789\/revisions\/3822"}],"wp:attachment":[{"href":"https:\/\/brokendiva.com\/es\/wp-json\/wp\/v2\/media?parent=3789"}],"wp:term":[{"taxonomy":"category","embeddable":true,"href":"https:\/\/brokendiva.com\/es\/wp-json\/wp\/v2\/categories?post=3789"},{"taxonomy":"post_tag","embeddable":true,"href":"https:\/\/brokendiva.com\/es\/wp-json\/wp\/v2\/tags?post=3789"}],"curies":[{"name":"wp","href":"https:\/\/api.w.org\/{rel}","templated":true}]}}